{"id":1551,"date":"2022-11-14T13:46:56","date_gmt":"2022-11-14T12:46:56","guid":{"rendered":"https:\/\/bal1.hu\/plusz\/?p=1551"},"modified":"2025-09-03T22:37:45","modified_gmt":"2025-09-03T20:37:45","slug":"jo-oktato-jo-iskola-rossz-oktato-rossz-iskola-avagy-hogy-mukodnek-az-autosiskolak","status":"publish","type":"post","link":"https:\/\/bal1.hu\/plusz\/2022\/11\/14\/jo-oktato-jo-iskola-rossz-oktato-rossz-iskola-avagy-hogy-mukodnek-az-autosiskolak\/","title":{"rendered":"J\u00d3 OKTAT\u00d3 &#8211; J\u00d3 ISKOLA, ROSSZ OKTAT\u00d3 &#8211; ROSSZ ISKOLA?"},"content":{"rendered":"\n\n\nFord\u00edtsuk meg a c\u00edmet, \u00e9s \u00edrn\u00e9k p\u00e1r sz\u00f3t az aut\u00f3siskol\u00e1k m\u0171k\u00f6d\u00e9si modelljeir\u0151l.\n\nNem r\u00e9szletezn\u00e9m az akkredit\u00e1ci\u00f3s folyamatot, enged\u00e9lyek beszerz\u00e9si folyamat\u00e1t, viszont az fontos inf\u00f3, hogy minden aut\u00f3siskola \u00f6n\u00e1ll\u00f3 gazdas\u00e1gi v\u00e1llalkoz\u00f3, vagy v\u00e1llalkoz\u00e1s. Nyilv\u00e1n vannak betartand\u00f3 el\u0151\u00edr\u00e1sok, de ezek felett mint k\u00fcl\u00f6n v\u00e1llalkoz\u00e1sok, saj\u00e1t \u00fczleti modellj\u00fck alapj\u00e1n dolgoznak.\n<p><span style=\"color:#000000;\">M\u00e1r hosszabb ideje t\u00f6bbs\u00e9g\u00e9ben a szakoktat\u00f3k (tov\u00e1bbiakban az egyszer\u00fcs\u00e9g kedv\u00e9\u00e9rt oktat\u00f3k) szint\u00e9n \u00f6n\u00e1ll\u00f3an dolgoznak, ak\u00e1r mint egy\u00e9ni v\u00e1llalkoz\u00f3k, ak\u00e1r egy\u00e9b v\u00e1llakoz\u00f3i form\u00e1ban. \u00cdgy az iskol\u00e1k a szakoktat\u00f3kkal v\u00e1llalkoz\u00f3i szerz\u0151d\u00e9st k\u00f6tnek. Ebben az esetben a gyakorlati k\u00e9pz\u00e9s felel\u0151se tov\u00e1bbra is az aut\u00f3siskola marad. Ez a megold\u00e1s a szakoktat\u00f3nak lehet\u0151s\u00e9get ny\u00fajt arra, hogy \u00f6n\u00e1ll\u00f3 v\u00e1llalkoz\u00f3k\u00e9nt mag\u00e1nak hat\u00e1rozhatja meg a munkaidej\u00e9t, saj\u00e1t g\u00e9pj\u00e1rm\u0171v\u00e9t haszn\u00e1lhatja.<\/span> <\/p>\n<p><span style=\"color:#000000;\">Nagyon j\u00f3 megl\u00e1t\u00e1s lenne, hogy &#8222;na de h\u00e1t akkor az aut\u00f3siskola kihaszn\u00e1lja a helyzetet, nincs k\u00f6lts\u00e9ge, megsp\u00f3rol egy rak\u00e1s rezsik\u00f6lts\u00e9get.&#8221; Erre csak annyit reag\u00e1ln\u00e9k, hogy nem nagyon tal\u00e1lnak az iskol\u00e1k erre v\u00e1llakoz\u00f3 oktat\u00f3t, de ha lenne is, az \u00e1rak versenyk\u00e9ptelen\u00fcl dr\u00e1g\u00e1k lenn\u00e9nek. Igen, m\u00e9g a jelenlegi magas \u00e1rakhoz k\u00e9pest is jelent\u0151sen emelkedne az az \u00f6sszeg, amib\u0151l mondjuk B-s jogsi lesz.<\/span>\n<\/p>\n<p>\n<span style=\"color:#000000;\">Teh\u00e1t az oktat\u00f3k \u00f6n\u00e1ll\u00f3ak, nem k\u00e9nyszerv\u00e1llalkoz\u00f3k, ez abb\u00f3l is l\u00e1tszik, hogy saj\u00e1t maguk \u00e1ltal meghat\u00e1rozott id\u0151rendben, helysz\u00ednen, saj\u00e1t tulajdon\u00fa, vagy saj\u00e1t maguk \u00e1ltal b\u00e9relt g\u00e9pj\u00e1rm\u0171vel dolgoznak, nincs minimum \u00e9s maximum meghat\u00e1rozott leoktatand\u00f3 \u00f3ra. Pontosabban a fels\u0151 \u00f3rasz\u00e1mot a t\u00f6rv\u00e9nyi szab\u00e1lyz\u00f3k meghat\u00e1rozz\u00e1k.<\/span> <\/p>\n<p><span style=\"color:#000000;\">T\u00f6bb modellben dolgoznak az iskol\u00e1k, ami az oktat\u00f3kkal k\u00f6t\u00f6tt szerz\u0151d\u00e9seket illeti. Van, ahol az iskola javasol gyakorlati \u00f3rad\u00edjakat, \u00e9s mivel az iskola \u00e1ltal szervezett tanfolyamok tanul\u00f3it az iskola biztos\u00edtja az oktat\u00f3inak, az \u00f3rad\u00edj bizonyos sz\u00e1zal\u00e9k\u00e1t azt mintegy &#8222;szervez\u00e9si d\u00edjk\u00e9nt&#8221; kifizetteti az oktat\u00f3val, vagy ha az iskol\u00e1n\u00e1l kell befizetni a vezet\u00e9si \u00f3rad\u00edjat, ennyivel kevesebb \u00f3rad\u00edjat kap az oktat\u00f3 az iskol\u00e1t\u00f3l.<\/span> <\/p>\n<p><span style=\"color:#000000;\">Van olyan modell is, ahol az iskola \u00e9rt\u00e9keli, ha az oktat\u00f3ja (szerz\u0151d\u00f6tt partnere) pont az oktat\u00f3 j\u00f3 h\u00edre miatt, a n\u00e1la (oktat\u00f3n\u00e1l) jelentkez\u0151 tanul\u00f3t bevonzza az iskol\u00e1ba. Az Ilyen aut\u00f3siskola nem v\u00e1r semmilyen bev\u00e9telt a szerz\u0151d\u00f6tt oktat\u00f3j\u00e1t\u00f3l. A Bal1 Aut\u00f3siskola ezt a modellt alkalmazza, mert komolyan azt gondolom (\u00e9n, az iskolavezet\u0151) hogy az a j\u00f3 egy\u00fcttm\u0171k\u00f6d\u00e9s, ahol az egym\u00e1srautalts\u00e1g miatt fontos az &#8222;egy\u00fctt s\u00edrunk, egy\u00fctt nevet\u00fcnk&#8221; elve.<\/span>\n<\/p>\n<p>\n<span style=\"color:#000000;\">Term\u00e9szetesen az, hogy melyik aut\u00f3siskola melyik modellt alkalmazza, f\u00fcgg a m\u0171k\u00f6d\u00e9si ter\u00fcletek demogr\u00e1fiai, gazdas\u00e1gi helyzet\u00e9t\u0151l, \u00e9s f\u00fcgg a ter\u00fcleten el\u00e9rhet\u0151 szakoktat\u00f3k sz\u00e1m\u00e1t\u00f3l is. \u00cdgy a szabad v\u00e1llakoz\u00e1s is s\u00e9rtetlen marad, \u00e9s meggy\u0151z\u0151d\u00e9sem, hogy a verseny miatt az \u00e1rak is a realit\u00e1sok hat\u00e1r\u00e1n mozognak. Egy k\u00f6zpontos\u00edtott rendszerben, orsz\u00e1gos g\u00e9pj\u00e1rm\u0171-flott\u00e1val, \u00e9s alkalmazotti h\u00e1l\u00f3val sajnos nem lehet elfogadhat\u00f3 k\u00f6lts\u00e9g\u0171 rendszert fenntartani.\n\n..\u00e9s v\u00e9g\u00fcl t\u00e9rjek vissza c\u00edm elej\u00e9hez: J\u00f3 oktat\u00f3 &#8211; j\u00f3 iskola, rossz oktat\u00f3 &#8211; rossz iskola. Ezt az eg\u00e9szet az\u00e9rt \u00edrtam le, hogy \u00e9rthet\u0151 legyen, hova is iskol\u00e1zz\u00e1tok be magatokat, vagy hozz\u00e1tartoz\u00f3tokat. Kisv\u00e1rosias k\u00f6rnyezetben igen, jellemz\u0151en egy oktat\u00f3 egy iskol\u00e1val van kapcsolatban, de itt is vannak elt\u00e9r\u00e9sek. Nagyv\u00e1rosias ter\u00fcleten m\u00e1r m\u00e1s a helyzet!<\/span> <\/p>\n<p><span style=\"color:#000000;\">Maradjunk a h\u00e1zunk t\u00e1j\u00e1n: szerz\u0151d\u00f6tt partnereink, szakoktat\u00f3ink mindegyike kb. 3 aut\u00f3siskol\u00e1val is kapcsolatban \u00e1ll, hogy a folyamatos m\u0171k\u00f6d\u00e9s\u00fck teljess\u00e9ggel biztos\u00edtva \u00e9rezhess\u00e9k.\n\nK\u00e9pzelj\u00e9tek el, ha az el\u00e9gedetlen tanul\u00f3, aki oktat\u00f3t v\u00e1lt (\u00e9s itt jelzem, hogy nagyon helyesen teszi!) azt fogja mondani, hogy &#8222;\u00e1\u00e1\u00e1h, ezt az aut\u00f3siskol\u00e1t ne keresd, mert itt dolgozik xy, \u00e9s h\u00e1t sz\u00f6rny\u0171!). Mik\u00f6zben addig, ameddig eljutott a vezet\u00e9sig, minden rendben volt.\n\nMi t\u00f6rt\u00e9nik, ha a tanul\u00f3 nem b\u00edzik az oktat\u00f3j\u00e1ban? \u00c1ltal\u00e1ban egy m\u00e1sik oktat\u00f3t keres. J\u00f3l is teszi! Tudjuk, \u00e9rezz\u00fck, hogy van olyan, nem tudunk kij\u00f6nni a m\u00e1sikkal.<\/span> <\/p>\n<p><span style=\"color:#000000;\">Az \u00e9let b\u00e1rmely ter\u00fclet\u00e9n is ez el\u0151fordul. Nem fogadjuk el, amit mond a m\u00e1sik, mert teljesen m\u00e1sk\u00e9pp gondolkozunk, nem tudja sz\u00e1munkra \u00e1tadni az inform\u00e1ci\u00f3t, stb. Ilyenkor ne habozz, v\u00e1lts oktat\u00f3t, \u00e9n is ezt javaslom. Keresd meg az iskolavezet\u0151t, ha m\u00e1r van egy aj\u00e1nl\u00e1sod \u00faj oktat\u00f3ra, akkor k\u00e9rdezd meg, hogy van-e kapcsolata az iskol\u00e1val (\u00edgy megsp\u00f3rolhatod az \u00e1tiratkoz\u00e1s d\u00edj\u00e1t), \u00e9s felt\u00e9tlen\u00fcl mondd el a v\u00e1lt\u00e1s ok\u00e1t. \u00dagy, ahogy \u00e9rzed. Az iskol\u00e1nak (iskolavezet\u0151nek) ezek roppant fontos inform\u00e1ci\u00f3k, hiszen ha probl\u00e9m\u00e1t l\u00e1t, akkor tenni fog az\u00e9rt, hogy az iskola h\u00edrneve ne ker\u00fclj\u00f6n vesz\u00e9lybe.<\/span>\n<\/p>\n<p>\n<span style=\"color:#000000;\">Mi (m\u00e1rmint az emberek) is teljesen m\u00e1sok lehet\u00fcnk, k\u00fcl\u00f6nb\u00f6zhet\u00fcnk egym\u00e1st\u00f3l. Van, aki vaskos vicceket megenged mag\u00e1nak, van, aki erre vev\u0151, van, aki nem. Van, aki jobban alkalmazkodik a tanul\u00f3 jellem\u00e9hez, van, aki sokkal kev\u00e9sb\u00e9. J\u00f3 lenne, ha mindegyik\u00fcnk pszichol\u00f3giai \u00e9rz\u00e9ke kiemelked\u0151 lenne, de ez nincs \u00edgy, mint ahogy a pedag\u00f3gusaink is, orvosaink is, tanul\u00f3ink is hasonl\u00f3an v\u00e1ltozatos vil\u00e1got k\u00e9pviselnek.<\/span>\n<\/p>\n<p>\n<span style=\"color:#000000;\">&#8230;ha lesz egy kis id\u0151m, \u00edrok majd az oktat\u00f3i st\u00edlusr\u00f3l, hib\u00e1kr\u00f3l, \u00e9rdemekr\u0151l (egyszer\u0171bb lesz magamb\u00f3l kiindulni, \u00e9s tal\u00e1n az lesz a c\u00edme, hogy kives\u00e9zem magam), mert h\u00e1t az iskolavezet\u00e9s mellett \u00e9n is oktattam, oktatok. Ja, \u00e9s m\u00e1shogy vezetek, mint ahogy leoktatom. Ez szint\u00e9n egy t\u00e1volabbi bejegyz\u00e9s lesz \ud83d\ude42\n\n&nbsp;<\/span><\/p>\n\n\n","protected":false},"excerpt":{"rendered":"","protected":false},"author":1,"featured_media":2172,"comment_status":"closed","ping_status":"closed","sticky":false,"template":"","format":"standard","meta":{"pagelayer_contact_templates":[],"_pagelayer_content":"","footnotes":""},"categories":[1],"tags":[],"class_list":["post-1551","post","type-post","status-publish","format-standard","has-post-thumbnail","hentry","category-gondolatok-elmeleti-es-gyakorlati-oktatasrol"],"_links":{"self":[{"href":"https:\/\/bal1.hu\/plusz\/wp-json\/wp\/v2\/posts\/1551","targetHints":{"allow":["GET"]}}],"collection":[{"href":"https:\/\/bal1.hu\/plusz\/wp-json\/wp\/v2\/posts"}],"about":[{"href":"https:\/\/bal1.hu\/plusz\/wp-json\/wp\/v2\/types\/post"}],"author":[{"embeddable":true,"href":"https:\/\/bal1.hu\/plusz\/wp-json\/wp\/v2\/users\/1"}],"replies":[{"embeddable":true,"href":"https:\/\/bal1.hu\/plusz\/wp-json\/wp\/v2\/comments?post=1551"}],"version-history":[{"count":6,"href":"https:\/\/bal1.hu\/plusz\/wp-json\/wp\/v2\/posts\/1551\/revisions"}],"predecessor-version":[{"id":4605,"href":"https:\/\/bal1.hu\/plusz\/wp-json\/wp\/v2\/posts\/1551\/revisions\/4605"}],"wp:featuredmedia":[{"embeddable":true,"href":"https:\/\/bal1.hu\/plusz\/wp-json\/wp\/v2\/media\/2172"}],"wp:attachment":[{"href":"https:\/\/bal1.hu\/plusz\/wp-json\/wp\/v2\/media?parent=1551"}],"wp:term":[{"taxonomy":"category","embeddable":true,"href":"https:\/\/bal1.hu\/plusz\/wp-json\/wp\/v2\/categories?post=1551"},{"taxonomy":"post_tag","embeddable":true,"href":"https:\/\/bal1.hu\/plusz\/wp-json\/wp\/v2\/tags?post=1551"}],"curies":[{"name":"wp","href":"https:\/\/api.w.org\/{rel}","templated":true}]}}